{"id":5393,"date":"2024-04-04T14:30:18","date_gmt":"2024-04-04T12:30:18","guid":{"rendered":"https:\/\/abrisol.acceseo.dev\/journees-des-professionnels-de-la-piscine\/"},"modified":"2025-05-29T08:59:33","modified_gmt":"2025-05-29T06:59:33","slug":"journees-des-professionnels-de-la-piscine","status":"publish","type":"post","link":"https:\/\/www.abrisol.net\/fr\/journees-des-professionnels-de-la-piscine\/","title":{"rendered":"Elige Abrisol participe \u00e0 la FPP 2024"},"content":{"rendered":"<p>Abrisol a eu l\u2019honneur d\u2019\u00eatre pr\u00e9sent aux Assises de la Piscine, anim\u00e9 par la FPP, qui s\u2019est tenu du 18 au 20 Mars 2024 \u00e0 La Cit\u00e9 des Congr\u00e8s de Nantes.<\/p>\n<p>La FPP est la premi\u00e8re f\u00e9d\u00e9ration en Europe en nombre d\u2019adh\u00e9rents et en chiffre d\u2019affaires repr\u00e9sent\u00e9 avec plus de 1500 adh\u00e9rents en 2023. De nombreux sujets ont \u00e9t\u00e9 abord\u00e9 durant ces trois jours et des ateliers pratiques ont \u00e9t\u00e9 mis en place afin de sensibiliser les adh\u00e9rents aux nombreux enjeux environnementaux auxquels nous sommes de plus en plus confront\u00e9s.<\/p>\n<p>Le ma\u00eetre mot de cette ann\u00e9e a \u00e9t\u00e9 \u201c l\u2019\u00c9conomie d\u2019eau\u201d, suite \u00e0 un \u00e9t\u00e9 impact\u00e9 par les arr\u00eat\u00e9s s\u00e9cheresse et de forts enjeux climatiques, il \u00e9tait en effet urgent de comprendre et d\u2019agir pour une meilleure gestion de l\u2019eau.<\/p>\n<p>Un stand a \u00e9t\u00e9 mis en place par notre \u00e9quipe ou l\u2019on pouvait d\u00e9couvrir l\u2019ensemble de nos abris de piscines et de spas. Abrisol s\u2019est positionn\u00e9, durant ces trois jours, comme un r\u00e9el porteur de solution dans la r\u00e9volution de l\u2019\u00e9conomie d\u2019eau avec nos abris qui permettent de conserver jusqu\u2019\u00e0 80% de l\u2019eau perdu d\u00fb au ph\u00e9nom\u00e8ne d\u2019\u00e9vaporation.<\/p>\n","protected":false},"excerpt":{"rendered":"<p>Abrisol a eu l\u2019honneur d\u2019\u00eatre pr\u00e9sent aux Assises de la Piscine, anim\u00e9 par la FPP, qui s\u2019est tenu du 18 au 20 Mars 2024 \u00e0 La Cit\u00e9 des Congr\u00e8s de Nantes. La FPP est la premi\u00e8re f\u00e9d\u00e9ration en Europe en nombre d\u2019adh\u00e9rents et en chiffre d\u2019affaires repr\u00e9sent\u00e9 avec plus de 1500 adh\u00e9rents en 2023. De [&hellip;]<\/p>\n","protected":false},"author":1,"featured_media":3385,"comment_status":"open","ping_status":"open","sticky":false,"template":"","format":"standard","meta":{"_acf_changed":false,"_uag_custom_page_level_css":"","footnotes":""},"categories":[52],"tags":[],"class_list":["post-5393","post","type-post","status-publish","format-standard","has-post-thumbnail","hentry","category-actualites"],"acf":[],"spectra_custom_meta":{"_encloseme":["1"],"rank_math_internal_links_processed":["1"],"rank_math_primary_category":["15"],"_top_nav_excluded":[""],"_cms_nav_minihome":[""],"_wp_page_template":["default"],"_thumbnail_id":["3385"],"_wpml_word_count":["198"],"_last_translation_edit_mode":["translation-editor"],"rank_math_title":["Conf\u00e9rence des professionnels de la piscine Abrisol"],"rank_math_description":["Du 18 au 20 mars 2024, l'\u00e9quipe d'Abrisol a particip\u00e9 au congr\u00e8s des professionnels de la piscine \u00e0 Nantes, dont le th\u00e8me principal \u00e9tait \u00ab Economiser l'eau \u00bb."],"_wp_attachment_metadata":[""],"_edit_lock":["1749804526:43"],"_uag_css_file_name":["uag-css-5393.css"],"_uag_js_file_name":["uag-js-5393.js"]},"uagb_featured_image_src":{"full":["https:\/\/www.abrisol.net\/wp-content\/uploads\/2025\/05\/jornadas_de_los_profesionales_de_la_piscina.png",1080,1080,false],"thumbnail":["https:\/\/www.abrisol.net\/wp-content\/uploads\/2025\/05\/jornadas_de_los_profesionales_de_la_piscina-150x150.png",150,150,true],"medium":["https:\/\/www.abrisol.net\/wp-content\/uploads\/2025\/05\/jornadas_de_los_profesionales_de_la_piscina-300x300.png",300,300,true],"medium_large":["https:\/\/www.abrisol.net\/wp-content\/uploads\/2025\/05\/jornadas_de_los_profesionales_de_la_piscina-768x768.png",768,768,true],"large":["https:\/\/www.abrisol.net\/wp-content\/uploads\/2025\/05\/jornadas_de_los_profesionales_de_la_piscina-1024x1024.png",1024,1024,true],"1536x1536":["https:\/\/www.abrisol.net\/wp-content\/uploads\/2025\/05\/jornadas_de_los_profesionales_de_la_piscina.png",1080,1080,false],"2048x2048":["https:\/\/www.abrisol.net\/wp-content\/uploads\/2025\/05\/jornadas_de_los_profesionales_de_la_piscina.png",1080,1080,false]},"uagb_author_info":{"display_name":"redaccion","author_link":"https:\/\/www.abrisol.net\/fr\/author\/redaccion\/"},"uagb_comment_info":0,"uagb_excerpt":"Abrisol a eu l\u2019honneur d\u2019\u00eatre pr\u00e9sent aux Assises de la Piscine, anim\u00e9 par la FPP, qui s\u2019est tenu du 18 au 20 Mars 2024 \u00e0 La Cit\u00e9 des Congr\u00e8s de Nantes. La FPP est la premi\u00e8re f\u00e9d\u00e9ration en Europe en nombre d\u2019adh\u00e9rents et en chiffre d\u2019affaires repr\u00e9sent\u00e9 avec plus de 1500 adh\u00e9rents en 2023. De\u2026","_links":{"self":[{"href":"https:\/\/www.abrisol.net\/fr\/wp-json\/wp\/v2\/posts\/5393","targetHints":{"allow":["GET"]}}],"collection":[{"href":"https:\/\/www.abrisol.net\/fr\/wp-json\/wp\/v2\/posts"}],"about":[{"href":"https:\/\/www.abrisol.net\/fr\/wp-json\/wp\/v2\/types\/post"}],"author":[{"embeddable":true,"href":"https:\/\/www.abrisol.net\/fr\/wp-json\/wp\/v2\/users\/1"}],"replies":[{"embeddable":true,"href":"https:\/\/www.abrisol.net\/fr\/wp-json\/wp\/v2\/comments?post=5393"}],"version-history":[{"count":1,"href":"https:\/\/www.abrisol.net\/fr\/wp-json\/wp\/v2\/posts\/5393\/revisions"}],"predecessor-version":[{"id":5398,"href":"https:\/\/www.abrisol.net\/fr\/wp-json\/wp\/v2\/posts\/5393\/revisions\/5398"}],"wp:featuredmedia":[{"embeddable":true,"href":"https:\/\/www.abrisol.net\/fr\/wp-json\/wp\/v2\/media\/3385"}],"wp:attachment":[{"href":"https:\/\/www.abrisol.net\/fr\/wp-json\/wp\/v2\/media?parent=5393"}],"wp:term":[{"taxonomy":"category","embeddable":true,"href":"https:\/\/www.abrisol.net\/fr\/wp-json\/wp\/v2\/categories?post=5393"},{"taxonomy":"post_tag","embeddable":true,"href":"https:\/\/www.abrisol.net\/fr\/wp-json\/wp\/v2\/tags?post=5393"}],"curies":[{"name":"wp","href":"https:\/\/api.w.org\/{rel}","templated":true}]}}